{"id":3590,"date":"2014-11-11T10:07:10","date_gmt":"2014-11-11T09:07:10","guid":{"rendered":"https:\/\/devneurolab.deusto.es\/publicacion-en-neurology-improving-functional-disability-and-cognition-in-parkinson-disease\/"},"modified":"2014-11-11T10:07:10","modified_gmt":"2014-11-11T09:07:10","slug":"publicacion-en-neurology-improving-functional-disability-and-cognition-in-parkinson-disease","status":"publish","type":"post","link":"https:\/\/neurolab.deusto.es\/en\/publicacion-en-neurology-improving-functional-disability-and-cognition-in-parkinson-disease\/","title":{"rendered":"Publicaci\u00f3n en Neurology: Improving functional disability and cognition in Parkinson Disease"},"content":{"rendered":"<p><span style=\"color: #999999;\"><strong>11 Noviembre 2014<\/strong><\/span><\/p>\n<p>El art\u00edculo, liderado por <span style=\"color: #3366ff;\"><a style=\"color: #3366ff;\" href=\"https:\/\/neurolab.deusto.es\/en\/senior-researcher-dr-javier-pena-lasa\/\" target=\"_blank\" rel=\"noopener\">Javier Pe\u00f1a<\/a><\/span>, y titulado Improving functional disability and cognition in Parkinson Disease demuestra la eficacia de la rehabilitaci\u00f3n neuropsicol\u00f3gica en la enfermedad de Parkinson con el <span style=\"text-decoration: underline; color: #3366ff;\"><a style=\"color: #3366ff; text-decoration: underline;\" href=\"https:\/\/neurolab.deusto.es\/en\/rehacop-an-integrative-cognitive-rehabilitation-program-in-psychosis\/\" target=\"_blank\" rel=\"noopener\">programa Rehacop<\/a><\/span>. Se trata de una de las primeras publicaciones a nivel mundial que demuestra nivel de eficacia clase II de la remediaci\u00f3n cognitiva en la enfermedad de Parkinson.<\/p>\n<p>La publicaci\u00f3n de este art\u00edculo se da en el contexto de un proyecto de investigaci\u00f3n de financiaci\u00f3n p\u00fablica competitiva dirigido por <span style=\"color: #3366ff;\"><a style=\"color: #3366ff;\" href=\"https:\/\/neurolab.deusto.es\/en\/senior-researcher-dra-naroa-ibarretxe-bilbao\/\" target=\"_blank\" rel=\"noopener\">Naroa Ibarretxe<\/a><\/span>, en el que han participado un total de 42 enfermos de Parkinson de Bizkaia en colaboraci\u00f3n con <span style=\"text-decoration: underline;\"><span style=\"color: #3366ff;\"><a style=\"color: #3366ff; text-decoration: underline;\" href=\"http:\/\/osakidetza.euskadi.eus\/r85-ghhome00\/es\" target=\"_blank\" rel=\"noopener\">Osakidetza<\/a><\/span><\/span>, el <span style=\"color: #3366ff;\"><a style=\"color: #3366ff;\" href=\"http:\/\/osakidetza.euskadi.eus\/r85-ghhgal00\/es\" target=\"_blank\" rel=\"noopener\">Hospital de Gald\u00e1kano<\/a><\/span>, <span style=\"text-decoration: underline;\"><span style=\"color: #3366ff;\"><a style=\"color: #3366ff; text-decoration: underline;\" href=\"http:\/\/osakidetza.euskadi.eus\/r85-ghosat00\/es\" target=\"_blank\" rel=\"noopener\">Osatek,<\/a><\/span><\/span> y la Asociaci\u00f3n de Parkinson de Bizkaia <span style=\"color: #3366ff;\"><a style=\"color: #3366ff;\" href=\"http:\/\/parkinsonbizkaia.org\/\" target=\"_blank\" rel=\"noopener\">(ASPARBI).<\/a>\u00a0<\/span><\/p>\n<p>&nbsp;<\/p>\n<p>La publicaci\u00f3n est\u00e1 disponible con libre acceso a trav\u00e9s de la p\u00e1gina web de la revista o de pubmed en el link: <span style=\"color: #3366ff;\"><a style=\"color: #3366ff;\" href=\"http:\/\/ncbi.nlm.nih.gov\/pubmed\/25361785\" target=\"_blank\" rel=\"noopener\"><span style=\"text-decoration: underline;\">http:\/\/ncbi.nlm.nih.gov\/pubmed\/25361785.<\/span><\/a><\/span><\/p>\n<p>&nbsp;<\/p>\n<p>M\u00e1s informaci\u00f3n: <span style=\"text-decoration: underline;\"><span style=\"color: #3366ff;\"><a style=\"color: #3366ff; text-decoration: underline;\" href=\"http:\/\/research.deusto.es\/cs\/Satellite\/deustoresearch\/es\/actualidad\/noticias\/el-equipo-de-neuropsicologia-de-los-trastornos-medicos-severos-ha-publicado-un-articulo-en-neurology-revista-de-referencia-para-los-neurologos-clinico-con-un-factor-de-impacto-de-83\/noticia?cambioidioma=si\" target=\"_blank\" rel=\"noopener\">Link<\/a><\/span><\/span><\/p>\n","protected":false},"excerpt":{"rendered":"<p>11 Noviembre 2014 El art\u00edculo, liderado por Javier Pe\u00f1a, y titulado Improving functional disability and cognition in Parkinson Disease demuestra la eficacia de la rehabilitaci\u00f3n neuropsicol\u00f3gica en la enfermedad de Parkinson con el programa Rehacop. Se trata de una de las primeras publicaciones a nivel mundial que demuestra nivel de eficacia clase II de la [&hellip;]<\/p>\n","protected":false},"author":1001,"featured_media":0,"comment_status":"closed","ping_status":"closed","sticky":false,"template":"","format":"standard","meta":{"_acf_changed":false,"footnotes":""},"categories":[39],"tags":[],"class_list":["post-3590","post","type-post","status-publish","format-standard","hentry","category-noticias-en"],"acf":[],"_links":{"self":[{"href":"https:\/\/neurolab.deusto.es\/en\/wp-json\/wp\/v2\/posts\/3590","targetHints":{"allow":["GET"]}}],"collection":[{"href":"https:\/\/neurolab.deusto.es\/en\/wp-json\/wp\/v2\/posts"}],"about":[{"href":"https:\/\/neurolab.deusto.es\/en\/wp-json\/wp\/v2\/types\/post"}],"author":[{"embeddable":true,"href":"https:\/\/neurolab.deusto.es\/en\/wp-json\/wp\/v2\/users\/1001"}],"replies":[{"embeddable":true,"href":"https:\/\/neurolab.deusto.es\/en\/wp-json\/wp\/v2\/comments?post=3590"}],"version-history":[{"count":0,"href":"https:\/\/neurolab.deusto.es\/en\/wp-json\/wp\/v2\/posts\/3590\/revisions"}],"wp:attachment":[{"href":"https:\/\/neurolab.deusto.es\/en\/wp-json\/wp\/v2\/media?parent=3590"}],"wp:term":[{"taxonomy":"category","embeddable":true,"href":"https:\/\/neurolab.deusto.es\/en\/wp-json\/wp\/v2\/categories?post=3590"},{"taxonomy":"post_tag","embeddable":true,"href":"https:\/\/neurolab.deusto.es\/en\/wp-json\/wp\/v2\/tags?post=3590"}],"curies":[{"name":"wp","href":"https:\/\/api.w.org\/{rel}","templated":true}]}}