{"id":3584,"date":"2015-06-11T10:33:35","date_gmt":"2015-06-11T08:33:35","guid":{"rendered":"https:\/\/devneurolab.deusto.es\/biocruces-lidera-junto-a-la-universidad-de-deusto-un-proyecto-de-neuroimagen-en-pacientes-con-parkinson-que-ha-sido-galardonado-por-la-fundacion-michael-j-fox\/"},"modified":"2015-06-11T10:33:35","modified_gmt":"2015-06-11T08:33:35","slug":"biocruces-lidera-junto-a-la-universidad-de-deusto-un-proyecto-de-neuroimagen-en-pacientes-con-parkinson-que-ha-sido-galardonado-por-la-fundacion-michael-j-fox","status":"publish","type":"post","link":"https:\/\/neurolab.deusto.es\/en\/biocruces-lidera-junto-a-la-universidad-de-deusto-un-proyecto-de-neuroimagen-en-pacientes-con-parkinson-que-ha-sido-galardonado-por-la-fundacion-michael-j-fox\/","title":{"rendered":"Biocruces lidera junto a la Universidad de Deusto un proyecto de neuroimagen en  pacientes con Parkinson que ha sido galardonado por la Fundaci\u00f3n Michael J. Fox"},"content":{"rendered":"<p><span style=\"color: #999999;\"><strong>11 Junio\u00a02015<\/strong><\/span><\/p>\n<p style=\"text-align: justify;\">Un equipo de m\u00e9dicos y neuropsic\u00f3logos liderado por el Dr. Juan Carlos G\u00f3mez-Esteban del\u00a0<span style=\"text-decoration: underline; color: #3366ff;\"><a style=\"color: #3366ff; text-decoration: underline;\" href=\"http:\/\/biocruces.com\/bc5.01\" target=\"_blank\" rel=\"noopener\">Grupo de Enfermedades Neurodegenerativas del Instituto de Investigaciones Biom\u00e9dicas\u00a0Biocruces<\/a><\/span> y nuestro equipo de investigaci\u00f3n, liderado por la Dra. Natalia Ojeda del Pozo, present\u00f3 un proyecto de investigaci\u00f3n en pacientes con\u00a0enfermedad de Parkinson que ha sido seleccionado para ser subvencionado por la <span style=\"text-decoration: underline; color: #3366ff;\"><a style=\"color: #3366ff; text-decoration: underline;\" href=\"https:\/\/michaeljfox.org\/\" target=\"_blank\" rel=\"noopener\">Fundaci\u00f3n\u00a0Michael J. Fox.<\/a><\/span><\/p>\n<p style=\"text-align: justify;\">El <strong>objetivo<\/strong> de este proyecto, que se est\u00e1 llevando a cabo durante este a\u00f1o, es\u00a0estudiar mediante pruebas de imagen la <strong>relaci\u00f3n entre las alteraciones de la visi\u00f3n y los\u00a0<\/strong><strong>problemas cognitivos<\/strong> que sufren estos pacientes.<\/p>\n<p style=\"text-align: justify;\"><strong>Las conclusiones del proyecto<\/strong>, del que ya se han recogido todos los datos y que est\u00e1\u00a0actualmente en fase de an\u00e1lisis de resultados, <strong>ser\u00e1n comunicadas a finales de este a\u00f1o en\u00a0<\/strong><strong>Nueva York en la conferencia anual de la Fundaci\u00f3n Michael J. Fox.<\/strong><\/p>\n<p style=\"text-align: justify;\">M\u00e1s informaci\u00f3n:\u00a0<span style=\"text-decoration: underline; color: #3366ff;\"><a style=\"color: #3366ff; text-decoration: underline;\" href=\"http:\/\/deustopsych.deusto.es\/cs\/Satellite\/psicologiayeducacion\/es\/deusto_psych\/agenda-dpsych-\/biocruces-lidera-junto-a-la-universidad-de-deusto-un-proyecto-de-neuroimagen-en--pacientes-con-parkinson-que-ha-sido-galardonado-por-la-fundacion-michael-j-fox\/noticia\" target=\"_blank\" rel=\"noopener\">Link a noticia completa<\/a><\/span><\/p>\n","protected":false},"excerpt":{"rendered":"<p>11 Junio\u00a02015 Un equipo de m\u00e9dicos y neuropsic\u00f3logos liderado por el Dr. Juan Carlos G\u00f3mez-Esteban del\u00a0Grupo de Enfermedades Neurodegenerativas del Instituto de Investigaciones Biom\u00e9dicas\u00a0Biocruces y nuestro equipo de investigaci\u00f3n, liderado por la Dra. Natalia Ojeda del Pozo, present\u00f3 un proyecto de investigaci\u00f3n en pacientes con\u00a0enfermedad de Parkinson que ha sido seleccionado para ser subvencionado por [&hellip;]<\/p>\n","protected":false},"author":1001,"featured_media":0,"comment_status":"closed","ping_status":"closed","sticky":false,"template":"","format":"standard","meta":{"_acf_changed":false,"footnotes":""},"categories":[39],"tags":[],"class_list":["post-3584","post","type-post","status-publish","format-standard","hentry","category-noticias-en"],"acf":[],"_links":{"self":[{"href":"https:\/\/neurolab.deusto.es\/en\/wp-json\/wp\/v2\/posts\/3584","targetHints":{"allow":["GET"]}}],"collection":[{"href":"https:\/\/neurolab.deusto.es\/en\/wp-json\/wp\/v2\/posts"}],"about":[{"href":"https:\/\/neurolab.deusto.es\/en\/wp-json\/wp\/v2\/types\/post"}],"author":[{"embeddable":true,"href":"https:\/\/neurolab.deusto.es\/en\/wp-json\/wp\/v2\/users\/1001"}],"replies":[{"embeddable":true,"href":"https:\/\/neurolab.deusto.es\/en\/wp-json\/wp\/v2\/comments?post=3584"}],"version-history":[{"count":0,"href":"https:\/\/neurolab.deusto.es\/en\/wp-json\/wp\/v2\/posts\/3584\/revisions"}],"wp:attachment":[{"href":"https:\/\/neurolab.deusto.es\/en\/wp-json\/wp\/v2\/media?parent=3584"}],"wp:term":[{"taxonomy":"category","embeddable":true,"href":"https:\/\/neurolab.deusto.es\/en\/wp-json\/wp\/v2\/categories?post=3584"},{"taxonomy":"post_tag","embeddable":true,"href":"https:\/\/neurolab.deusto.es\/en\/wp-json\/wp\/v2\/tags?post=3584"}],"curies":[{"name":"wp","href":"https:\/\/api.w.org\/{rel}","templated":true}]}}