{"id":3582,"date":"2015-10-19T10:49:51","date_gmt":"2015-10-19T08:49:51","guid":{"rendered":"https:\/\/devneurolab.deusto.es\/xviii-congreso-nacional-de-psiquiatria-cnp\/"},"modified":"2015-10-19T10:49:51","modified_gmt":"2015-10-19T08:49:51","slug":"xviii-congreso-nacional-de-psiquiatria-cnp","status":"publish","type":"post","link":"https:\/\/neurolab.deusto.es\/en\/xviii-congreso-nacional-de-psiquiatria-cnp\/","title":{"rendered":"XVIII  Congreso Nacional de Psiquiatr\u00eda (CNP)"},"content":{"rendered":"<p><span style=\"color: #808080;\"><strong>24-26\/09\/2015<\/strong><\/span><\/p>\n<p><img loading=\"lazy\" decoding=\"async\" class=\"wp-image-413 size-medium alignleft\" src=\"https:\/\/neurolab.deusto.es\/wp-content\/uploads\/2015\/10\/Congreso_Psiquiatria2015-300x184.png\" alt=\"\" width=\"300\" height=\"184\" srcset=\"https:\/\/neurolab.deusto.es\/wp-content\/uploads\/2015\/10\/Congreso_Psiquiatria2015-300x184.png 300w, https:\/\/neurolab.deusto.es\/wp-content\/uploads\/2015\/10\/Congreso_Psiquiatria2015.png 503w\" sizes=\"auto, (max-width: 300px) 100vw, 300px\" \/><\/p>\n<p>La Dra. Acebo Garc\u00eda participa en el CNP como ponente en el Simposium: &#8220;Especificidad e innovaci\u00f3n: nuevas estrategias terap\u00e9uticas en Esquizofrenia Resistente: <span class=\"programaSubPonencia\">\u00bfHay una esquizofrenia cognitivamente refractaria? Intervenci\u00f3n y resultados<\/span> &#8221; y mediante el Taller &#8220;Hepatitis C y Psiquiatr\u00eda: <span class=\"programaSubPonencia\">Deterioro cognitivo asociado a la hepatitis C: un estudio experimental espa\u00f1ol<\/span>&#8220;.<\/p>\n<p>Link a la noticia:<a href=\"http:\/\/diariomedico.com\/2015\/09\/28\/area-cientifica\/especialidades\/infecciosas-sida\/el-virus-c-vinculado-con-la-depresion-y-la-astenia\" target=\"_blank\" rel=\"noopener\">\u00a0http:\/\/diariomedico.com<\/a><\/p>\n<p>&nbsp;<\/p>\n","protected":false},"excerpt":{"rendered":"<p>24-26\/09\/2015 La Dra. Acebo Garc\u00eda participa en el CNP como ponente en el Simposium: &#8220;Especificidad e innovaci\u00f3n: nuevas estrategias terap\u00e9uticas en Esquizofrenia Resistente: \u00bfHay una esquizofrenia cognitivamente refractaria? Intervenci\u00f3n y resultados &#8221; y mediante el Taller &#8220;Hepatitis C y Psiquiatr\u00eda: Deterioro cognitivo asociado a la hepatitis C: un estudio experimental espa\u00f1ol&#8220;. Link a la noticia:\u00a0http:\/\/diariomedico.com [&hellip;]<\/p>\n","protected":false},"author":1001,"featured_media":0,"comment_status":"closed","ping_status":"closed","sticky":false,"template":"","format":"standard","meta":{"_acf_changed":false,"footnotes":""},"categories":[39],"tags":[],"class_list":["post-3582","post","type-post","status-publish","format-standard","hentry","category-noticias-en"],"acf":[],"_links":{"self":[{"href":"https:\/\/neurolab.deusto.es\/en\/wp-json\/wp\/v2\/posts\/3582","targetHints":{"allow":["GET"]}}],"collection":[{"href":"https:\/\/neurolab.deusto.es\/en\/wp-json\/wp\/v2\/posts"}],"about":[{"href":"https:\/\/neurolab.deusto.es\/en\/wp-json\/wp\/v2\/types\/post"}],"author":[{"embeddable":true,"href":"https:\/\/neurolab.deusto.es\/en\/wp-json\/wp\/v2\/users\/1001"}],"replies":[{"embeddable":true,"href":"https:\/\/neurolab.deusto.es\/en\/wp-json\/wp\/v2\/comments?post=3582"}],"version-history":[{"count":0,"href":"https:\/\/neurolab.deusto.es\/en\/wp-json\/wp\/v2\/posts\/3582\/revisions"}],"wp:attachment":[{"href":"https:\/\/neurolab.deusto.es\/en\/wp-json\/wp\/v2\/media?parent=3582"}],"wp:term":[{"taxonomy":"category","embeddable":true,"href":"https:\/\/neurolab.deusto.es\/en\/wp-json\/wp\/v2\/categories?post=3582"},{"taxonomy":"post_tag","embeddable":true,"href":"https:\/\/neurolab.deusto.es\/en\/wp-json\/wp\/v2\/tags?post=3582"}],"curies":[{"name":"wp","href":"https:\/\/api.w.org\/{rel}","templated":true}]}}