{"id":3576,"date":"2016-02-05T10:40:03","date_gmt":"2016-02-05T09:40:03","guid":{"rendered":"https:\/\/devneurolab.deusto.es\/viii-congreso-fanpse-marzo-2016\/"},"modified":"2016-02-05T10:40:03","modified_gmt":"2016-02-05T09:40:03","slug":"viii-congreso-fanpse-marzo-2016","status":"publish","type":"post","link":"https:\/\/neurolab.deusto.es\/en\/viii-congreso-fanpse-marzo-2016\/","title":{"rendered":"VIII Congreso FANPSE Marzo 2016"},"content":{"rendered":"<p><img loading=\"lazy\" decoding=\"async\" class=\"aligncenter size-full wp-image-1011\" src=\"https:\/\/neurolab.deusto.es\/wp-content\/uploads\/2016\/02\/Captura10.png\" alt=\"\" width=\"794\" height=\"255\" srcset=\"https:\/\/neurolab.deusto.es\/wp-content\/uploads\/2016\/02\/Captura10.png 794w, https:\/\/neurolab.deusto.es\/wp-content\/uploads\/2016\/02\/Captura10-300x96.png 300w\" sizes=\"auto, (max-width: 794px) 100vw, 794px\" \/><\/p>\n<p>&nbsp;<\/p>\n<p>Las Doctoras Roc\u00edo del Pino y Natalia Ojeda impartir\u00e1n un Taller sobre <em>Normalizaci\u00f3n y Estandarizaci\u00f3n de Instrumentos Neuropsicol\u00f3gicos en Espa\u00f1a <\/em>el dia 3 de Marzo dentro de los talleres pre-congreso de la FANPSE.<\/p>\n<p>Adem\u00e1s, la estudiante Pre-doctoral Olaia Lucas Jim\u00e9nez presentar\u00e1 una comunicaci\u00f3n oral\u00a0en el pr\u00f3ximo <strong><a href=\"http:\/\/fanpse.org\/index.php\/ct-menu-item-49\" target=\"_blank\" rel=\"noopener\">Congreso FANPSE <\/a><\/strong>que se celebrar\u00e1 los d\u00edas 4-5 Marzo 2016 en Zaragoza:<\/p>\n<p><span style=\"color: #808080;\"><strong>Mesa 2:<\/strong><\/span><\/p>\n<p>&#8220;<em>Deterioro cognitivo en los portadores de la mutaci\u00f3n E46K del gen de la alfa-sinucle\u00edna<\/em>&#8221;<\/p>\n<p>Olaia Lucas-Jim\u00e9nez, Roc\u00edo del Pino, Marian Acera, I\u00f1igo Gabilondo, Juan Carlos G\u00f3mez-Esteban, Beatriz Tijero, Mar\u00eda D\u00edez-Cirarda, Javier Pe\u00f1a, Naroa Ibarretxe-Bilbao y\u00a0Natalia Ojeda.<\/p>\n<p>&nbsp;<\/p>\n<p>&nbsp;<\/p>\n<p>Ya est\u00e1 disponible el programa del Congreso: <strong><span style=\"color: #0000ff;\"><a style=\"color: #0000ff;\" href=\"http:\/\/fanpse.org\/index.php\/programa\" target=\"_blank\" rel=\"noopener\">Acceder<\/a><\/span><\/strong><\/p>\n<p>&nbsp;<\/p>\n<p>&nbsp;<\/p>\n","protected":false},"excerpt":{"rendered":"<p>&nbsp; Las Doctoras Roc\u00edo del Pino y Natalia Ojeda impartir\u00e1n un Taller sobre Normalizaci\u00f3n y Estandarizaci\u00f3n de Instrumentos Neuropsicol\u00f3gicos en Espa\u00f1a el dia 3 de Marzo dentro de los talleres pre-congreso de la FANPSE. Adem\u00e1s, la estudiante Pre-doctoral Olaia Lucas Jim\u00e9nez presentar\u00e1 una comunicaci\u00f3n oral\u00a0en el pr\u00f3ximo Congreso FANPSE que se celebrar\u00e1 los d\u00edas 4-5 [&hellip;]<\/p>\n","protected":false},"author":1001,"featured_media":0,"comment_status":"closed","ping_status":"closed","sticky":false,"template":"","format":"standard","meta":{"_acf_changed":false,"footnotes":""},"categories":[39],"tags":[],"class_list":["post-3576","post","type-post","status-publish","format-standard","hentry","category-noticias-en"],"acf":[],"_links":{"self":[{"href":"https:\/\/neurolab.deusto.es\/en\/wp-json\/wp\/v2\/posts\/3576","targetHints":{"allow":["GET"]}}],"collection":[{"href":"https:\/\/neurolab.deusto.es\/en\/wp-json\/wp\/v2\/posts"}],"about":[{"href":"https:\/\/neurolab.deusto.es\/en\/wp-json\/wp\/v2\/types\/post"}],"author":[{"embeddable":true,"href":"https:\/\/neurolab.deusto.es\/en\/wp-json\/wp\/v2\/users\/1001"}],"replies":[{"embeddable":true,"href":"https:\/\/neurolab.deusto.es\/en\/wp-json\/wp\/v2\/comments?post=3576"}],"version-history":[{"count":0,"href":"https:\/\/neurolab.deusto.es\/en\/wp-json\/wp\/v2\/posts\/3576\/revisions"}],"wp:attachment":[{"href":"https:\/\/neurolab.deusto.es\/en\/wp-json\/wp\/v2\/media?parent=3576"}],"wp:term":[{"taxonomy":"category","embeddable":true,"href":"https:\/\/neurolab.deusto.es\/en\/wp-json\/wp\/v2\/categories?post=3576"},{"taxonomy":"post_tag","embeddable":true,"href":"https:\/\/neurolab.deusto.es\/en\/wp-json\/wp\/v2\/tags?post=3576"}],"curies":[{"name":"wp","href":"https:\/\/api.w.org\/{rel}","templated":true}]}}