{"id":3573,"date":"2016-04-11T09:11:30","date_gmt":"2016-04-11T07:11:30","guid":{"rendered":"https:\/\/devneurolab.deusto.es\/dia-mundial-de-la-enfermedad-de-parkinson\/"},"modified":"2016-04-11T09:11:30","modified_gmt":"2016-04-11T07:11:30","slug":"dia-mundial-de-la-enfermedad-de-parkinson","status":"publish","type":"post","link":"https:\/\/neurolab.deusto.es\/en\/dia-mundial-de-la-enfermedad-de-parkinson\/","title":{"rendered":"11 Abril, D\u00eda Mundial de la Enfermedad de Parkinson"},"content":{"rendered":"<p>Hoy dia<span style=\"color: #800080;\"><strong> 11 de Abril, <\/strong><\/span>d\u00eda mundial de la <span style=\"color: #800080;\">Enfermedad de Parkinson,<\/span> el equipo de Neuropsicolog\u00eda est\u00e1 invitado por <span style=\"color: #0000ff;\"><strong><a style=\"color: #0000ff;\" href=\"http:\/\/parkinsonbizkaia.org\/\" target=\"_blank\" rel=\"noopener\">ASPARBI<\/a> <\/strong><\/span>a la celebraci\u00f3n de este d\u00eda tan especial, en el Teatro Campos El\u00edseos de Bilbao bajo el lema: &#8220;Nos movemos por el Parkinson&#8221;.<\/p>\n<p><a href=\"https:\/\/youtube.com\/watch?v=42Qz1UFrGPM\" target=\"_blank\" rel=\"noopener\"><img loading=\"lazy\" decoding=\"async\" class=\"aligncenter wp-image-1150 size-full\" src=\"https:\/\/neurolab.deusto.es\/wp-content\/uploads\/2016\/04\/Sin-t\u00edtulo.png\" alt=\"\" width=\"637\" height=\"444\" srcset=\"https:\/\/neurolab.deusto.es\/wp-content\/uploads\/2016\/04\/Sin-t\u00edtulo.png 637w, https:\/\/neurolab.deusto.es\/wp-content\/uploads\/2016\/04\/Sin-t\u00edtulo-300x209.png 300w\" sizes=\"auto, (max-width: 637px) 100vw, 637px\" \/><\/a><\/p>\n<p>&nbsp;<\/p>\n<p>&nbsp;<\/p>\n<p>&nbsp;<\/p>\n<p>&nbsp;<\/p>\n","protected":false},"excerpt":{"rendered":"<p>Hoy dia 11 de Abril, d\u00eda mundial de la Enfermedad de Parkinson, el equipo de Neuropsicolog\u00eda est\u00e1 invitado por ASPARBI a la celebraci\u00f3n de este d\u00eda tan especial, en el Teatro Campos El\u00edseos de Bilbao bajo el lema: &#8220;Nos movemos por el Parkinson&#8221;. &nbsp; &nbsp; &nbsp; &nbsp;<\/p>\n","protected":false},"author":1001,"featured_media":0,"comment_status":"closed","ping_status":"closed","sticky":false,"template":"","format":"standard","meta":{"_acf_changed":false,"footnotes":""},"categories":[39],"tags":[],"class_list":["post-3573","post","type-post","status-publish","format-standard","hentry","category-noticias-en"],"acf":[],"_links":{"self":[{"href":"https:\/\/neurolab.deusto.es\/en\/wp-json\/wp\/v2\/posts\/3573","targetHints":{"allow":["GET"]}}],"collection":[{"href":"https:\/\/neurolab.deusto.es\/en\/wp-json\/wp\/v2\/posts"}],"about":[{"href":"https:\/\/neurolab.deusto.es\/en\/wp-json\/wp\/v2\/types\/post"}],"author":[{"embeddable":true,"href":"https:\/\/neurolab.deusto.es\/en\/wp-json\/wp\/v2\/users\/1001"}],"replies":[{"embeddable":true,"href":"https:\/\/neurolab.deusto.es\/en\/wp-json\/wp\/v2\/comments?post=3573"}],"version-history":[{"count":0,"href":"https:\/\/neurolab.deusto.es\/en\/wp-json\/wp\/v2\/posts\/3573\/revisions"}],"wp:attachment":[{"href":"https:\/\/neurolab.deusto.es\/en\/wp-json\/wp\/v2\/media?parent=3573"}],"wp:term":[{"taxonomy":"category","embeddable":true,"href":"https:\/\/neurolab.deusto.es\/en\/wp-json\/wp\/v2\/categories?post=3573"},{"taxonomy":"post_tag","embeddable":true,"href":"https:\/\/neurolab.deusto.es\/en\/wp-json\/wp\/v2\/tags?post=3573"}],"curies":[{"name":"wp","href":"https:\/\/api.w.org\/{rel}","templated":true}]}}