{"id":3124,"date":"2016-06-27T17:18:34","date_gmt":"2016-06-27T15:18:34","guid":{"rendered":"https:\/\/devneurolab.deusto.es\/neurogune-basque-neuroscience-meeting-2016\/"},"modified":"2016-06-27T17:18:34","modified_gmt":"2016-06-27T15:18:34","slug":"neurogune-basque-neuroscience-meeting-2016","status":"publish","type":"post","link":"https:\/\/neurolab.deusto.es\/en\/neurogune-basque-neuroscience-meeting-2016\/","title":{"rendered":"Neurogune Basque Neuroscience Meeting 2016"},"content":{"rendered":"<p><span style=\"color: #808080;\"><span style=\"color: #000000;\">Today<\/span><strong><span style=\"color: #000000;\">\u00a0<\/span>27\/06\/2016<\/strong><\/span>\u00a0the Basque Neuroscience Meeting <span style=\"color: #ff6600;\"><strong>&#8220;Neurogune&#8221;<\/strong><\/span>\u00a0has taken place in Bilbao. The NeuroLab team has presented 4 scientific posters:<\/p>\n<p><span style=\"color: #ff6600;\">ID10:<\/span> Effectiveness of the REHACOP program in aging<\/p>\n<p><span style=\"color: #808080;\">Genoveva Montoya, Naroa Ibarretxe-Bilbao, Javier Pe\u00f1a and Natalia Ojeda<\/span><\/p>\n<p><span style=\"color: #ff6600;\">ID16:<\/span> Inverse anterior frontal white matter asymmetry and its implications for cognition in patients with schizophrenia<\/p>\n<p><span style=\"color: #808080;\">Ainara G\u00f3mez-Gastiasoro., Leire Zubiaurre-Elorza., Javier Pe\u00f1a., Naroa Ibarretxe-Bilbao., Oiane Rilo., David Schretlen., Natalia Ojeda<\/span><\/p>\n<p><span style=\"color: #ff6600;\">ID18: <span style=\"color: #000000;\">Resting-state functional connectivity in carriers of E46k-SNCA mutation<\/span><\/span><\/p>\n<p><span style=\"color: #808080;\">Olaia Lucas-Jimenez, I\u00f1igo Gabilondo, Juan Carlos G\u00f3mez Esteban, Beatriz Tijero, Alberto Cabrera, Javier Pe\u00f1a., Naroa Ibarretxe-Bilbao., Natalia Ojeda<\/span><\/p>\n<p><span style=\"color: #ff6600;\">ID20:\u00a0<\/span>Structural and functional brain alterations in patients with Parkinson\u2019s disease and mild cognitive impairment: a multimodal imaging study<\/p>\n<p><span style=\"color: #808080;\">Mar\u00eda D\u00edez-Cirarda, Javier Pe\u00f1a, Natalia Ojeda, Alberto Cabrera-Zubizarreta, Olaia Lucas-Jim\u00e9nez, I\u00f1igo Gabilondo, Juan Carlos G\u00f3mez-Esteban, Maria \u00c1ngeles G\u00f3mez-Beldarrain\u00a0and Naroa Ibarretxe-Bilbao<\/span><\/p>\n<p>In addition, Dr. Ibarretxe-Bilbao has moderated <strong>Track 3<\/strong>\u00a0&#8220;<span style=\"color: #808080;\"><strong><em>Behaviour &amp; Cognition, Imaging and Psychiatry<\/em><\/strong><\/span>&#8220;.<\/p>\n<p>Link to the web page:<span style=\"color: #ff6600;\"><strong> <a style=\"color: #ff6600;\" href=\"http:\/\/neurogune.net\/\" target=\"_blank\" rel=\"noopener\">www.neurogune.net<\/a><\/strong><\/span><\/p>\n","protected":false},"excerpt":{"rendered":"<p>Today\u00a027\/06\/2016\u00a0the Basque Neuroscience Meeting &#8220;Neurogune&#8221;\u00a0has taken place in Bilbao. The NeuroLab team has presented 4 scientific posters: ID10: Effectiveness of the REHACOP program in aging Genoveva Montoya, Naroa Ibarretxe-Bilbao, Javier Pe\u00f1a and Natalia Ojeda ID16: Inverse anterior frontal white matter asymmetry and its implications for cognition in patients with schizophrenia Ainara G\u00f3mez-Gastiasoro., Leire Zubiaurre-Elorza., Javier [&hellip;]<\/p>\n","protected":false},"author":1001,"featured_media":0,"comment_status":"closed","ping_status":"closed","sticky":false,"template":"","format":"standard","meta":{"_acf_changed":false,"footnotes":""},"categories":[39],"tags":[],"class_list":["post-3124","post","type-post","status-publish","format-standard","hentry","category-noticias-en"],"acf":[],"_links":{"self":[{"href":"https:\/\/neurolab.deusto.es\/en\/wp-json\/wp\/v2\/posts\/3124","targetHints":{"allow":["GET"]}}],"collection":[{"href":"https:\/\/neurolab.deusto.es\/en\/wp-json\/wp\/v2\/posts"}],"about":[{"href":"https:\/\/neurolab.deusto.es\/en\/wp-json\/wp\/v2\/types\/post"}],"author":[{"embeddable":true,"href":"https:\/\/neurolab.deusto.es\/en\/wp-json\/wp\/v2\/users\/1001"}],"replies":[{"embeddable":true,"href":"https:\/\/neurolab.deusto.es\/en\/wp-json\/wp\/v2\/comments?post=3124"}],"version-history":[{"count":0,"href":"https:\/\/neurolab.deusto.es\/en\/wp-json\/wp\/v2\/posts\/3124\/revisions"}],"wp:attachment":[{"href":"https:\/\/neurolab.deusto.es\/en\/wp-json\/wp\/v2\/media?parent=3124"}],"wp:term":[{"taxonomy":"category","embeddable":true,"href":"https:\/\/neurolab.deusto.es\/en\/wp-json\/wp\/v2\/categories?post=3124"},{"taxonomy":"post_tag","embeddable":true,"href":"https:\/\/neurolab.deusto.es\/en\/wp-json\/wp\/v2\/tags?post=3124"}],"curies":[{"name":"wp","href":"https:\/\/api.w.org\/{rel}","templated":true}]}}